{"id":4536,"date":"2020-06-25T13:36:16","date_gmt":"2020-06-25T20:36:16","guid":{"rendered":"https:\/\/www.opalclt.org\/?p=4536"},"modified":"2020-06-25T15:54:44","modified_gmt":"2020-06-25T22:54:44","slug":"opals-annual-gala-moves-online-june-27-to-june-30","status":"publish","type":"post","link":"https:\/\/www.opalclt.org\/es\/opals-annual-gala-moves-online-june-27-to-june-30\/","title":{"rendered":"La Gala Anual de OPAL se traslada en l\u00ednea del 27 al 30 de junio"},"content":{"rendered":"<figure class=\"wp-block-image size-large\"><img loading=\"lazy\" decoding=\"async\" width=\"1024\" height=\"826\" src=\"http:\/\/www.opalclt.org\/wp-content\/uploads\/IMG_9579-1-1024x826.jpeg\" alt=\"\" class=\"wp-image-4537\" srcset=\"https:\/\/www.opalclt.org\/wp-content\/uploads\/IMG_9579-1-1024x826.jpeg 1024w, https:\/\/www.opalclt.org\/wp-content\/uploads\/IMG_9579-1-300x242.jpeg 300w, https:\/\/www.opalclt.org\/wp-content\/uploads\/IMG_9579-1-768x619.jpeg 768w, https:\/\/www.opalclt.org\/wp-content\/uploads\/IMG_9579-1-1536x1238.jpeg 1536w, https:\/\/www.opalclt.org\/wp-content\/uploads\/IMG_9579-1-2048x1651.jpeg 2048w\" sizes=\"auto, (max-width: 1024px) 100vw, 1024px\" \/><\/figure>\n\n\n\n<p>En respuesta a la necesidad de distanciamiento social de este a\u00f1o, OPAL llevar\u00e1 a cabo su gala ben\u00e9fica anual en l\u00ednea y ampliar\u00e1 el evento a cuatro d\u00edas.<\/p>\n\n\n\n<p>La Gala OPAL 2020 comenzar\u00e1 el mediod\u00eda del s\u00e1bado 27 de junio y finalizar\u00e1 a la medianoche del martes 30 de junio.\u00a0<\/p>\n\n\n\n<p><a href=\"https:\/\/www.islandssounder.com\/life\/opals-annual-gala-moves-online-june-27-to-30\/\">Para leer el art\u00edculo completo de Islands&#039; Sounder, haga clic aqu\u00ed.<\/a><\/p>\n\n\n\n<p><a href=\"https:\/\/orcasissues.com\/opals-annual-gala-moves-online-june-27-to-30\/\">Para leer el art\u00edculo completo de Orcas Issues, haga clic aqu\u00ed.<\/a><\/p>","protected":false},"excerpt":{"rendered":"<p>In response to this year\u2019s need for social distancing, OPAL will hold its annual benefit Gala online and expand the event to four days. OPAL Gala2020 will begin at noon on Saturday, June 27, and end at midnight on Tuesday, June 30.\u00a0 To read the full article from the Islands&#8217; Sounder please click here. To [&hellip;]<\/p>\n","protected":false},"author":9192207,"featured_media":4537,"comment_status":"closed","ping_status":"closed","sticky":false,"template":"","format":"standard","meta":{"give_campaign_id":0,"_genesis_hide_title":false,"_genesis_hide_breadcrumbs":false,"_genesis_hide_singular_image":false,"_genesis_hide_footer_widgets":false,"_genesis_custom_body_class":"","_genesis_custom_post_class":"","_genesis_layout":"","footnotes":""},"categories":[16],"tags":[],"class_list":{"0":"post-4536","1":"post","2":"type-post","3":"status-publish","4":"format-standard","5":"has-post-thumbnail","7":"category-news","8":"entry"},"aioseo_notices":[],"_links":{"self":[{"href":"https:\/\/www.opalclt.org\/es\/wp-json\/wp\/v2\/posts\/4536","targetHints":{"allow":["GET"]}}],"collection":[{"href":"https:\/\/www.opalclt.org\/es\/wp-json\/wp\/v2\/posts"}],"about":[{"href":"https:\/\/www.opalclt.org\/es\/wp-json\/wp\/v2\/types\/post"}],"author":[{"embeddable":true,"href":"https:\/\/www.opalclt.org\/es\/wp-json\/wp\/v2\/users\/9192207"}],"replies":[{"embeddable":true,"href":"https:\/\/www.opalclt.org\/es\/wp-json\/wp\/v2\/comments?post=4536"}],"version-history":[{"count":2,"href":"https:\/\/www.opalclt.org\/es\/wp-json\/wp\/v2\/posts\/4536\/revisions"}],"predecessor-version":[{"id":4539,"href":"https:\/\/www.opalclt.org\/es\/wp-json\/wp\/v2\/posts\/4536\/revisions\/4539"}],"wp:featuredmedia":[{"embeddable":true,"href":"https:\/\/www.opalclt.org\/es\/wp-json\/wp\/v2\/media\/4537"}],"wp:attachment":[{"href":"https:\/\/www.opalclt.org\/es\/wp-json\/wp\/v2\/media?parent=4536"}],"wp:term":[{"taxonomy":"category","embeddable":true,"href":"https:\/\/www.opalclt.org\/es\/wp-json\/wp\/v2\/categories?post=4536"},{"taxonomy":"post_tag","embeddable":true,"href":"https:\/\/www.opalclt.org\/es\/wp-json\/wp\/v2\/tags?post=4536"}],"curies":[{"name":"wp","href":"https:\/\/api.w.org\/{rel}","templated":true}]}}